{"id":623,"date":"2020-08-03T19:36:00","date_gmt":"2020-08-03T19:36:00","guid":{"rendered":"http:\/\/meblemedyczne.com.pl\/?p=623"},"modified":"2020-08-03T23:30:06","modified_gmt":"2020-08-03T23:30:06","slug":"przechowywanie-dlugich-przyrzadow-i-narzedzi-w-pakietach-medycznych-z-tym-problemem-boryka-sie-90-naszych-klientow-%e2%81%a3","status":"publish","type":"post","link":"https:\/\/meblemedyczne.com.pl\/?p=623","title":{"rendered":"Przechowywanie d\u0142ugich przyrz\u0105d\u00f3w i narz\u0119dzi w pakietach medycznych."},"content":{"rendered":"\n<h2 class=\"wp-block-heading\">Z tym problemem boryka si\u0119 90% szpitali i zak\u0142ad\u00f3w opieki.\u2063<\/h2>\n\n\n\n<p align=\"justify\">Zastanawia\u0142em si\u0119, co mo\u017ce by\u0107 przyczyn\u0105 takiego stanu rzeczy. Jako osoba zajmuj\u0105ca si\u0119 wyposa\u017ceniem medycznym znam wi\u0119kszo\u015b\u0107 rozwi\u0105za\u0144 w tym zakresie. Ale dlaczego jest taka dost\u0119pno\u015b\u0107 dobrych rozwi\u0105za\u0144? Co mo\u017ce by\u0107 przyczyn\u0105 takiej kolei rzeczy? \u2063<br \/>Oto kilka \u017ar\u00f3de\u0142 problemu, wed\u0142ug mnie.\u2063<br \/>\u2714\ufe0f Brak ofert na rynku.\u2063<br \/>\u2714\ufe0f Ma\u0142e zainteresowanie producent\u00f3w w\u0105sk\u0105 specjalno\u015bci\u0105. \u2063<br \/>\u2714\ufe0f Problemy techniczne z wyrobem o wysokiej czysto\u015bci mikrobiologicznej. \u2063<br \/>\u2063\u2714\ufe0f Brak dost\u0119pnych rozwi\u0105za\u0144 systemowych.\u2063<br \/>\u2714\ufe0f Brak zainteresowania nowoczesnymi rozwi\u0105zaniami.\u2063<\/p>\n\n\n\n<p align=\"justify\">Czyli nie ma zainteresowania po stronie dostawc\u00f3w &#8230;  bo nie ma zapyta\u0144 z rynku &#8230; bo klienci nie mog\u0105 znale\u017a\u0107 rozwi\u0105za\u0144 profesjonalnych. I tak w ko\u0142o.<\/p>\n\n\n\n<p align=\"justify\"><br \/>Lista konsekwencji, kt\u00f3re mog\u0105 wyst\u0105pi\u0107 je\u015bli zlekcewa\u017cy si\u0119 ten problem.\u2063<br \/>\u274c Niesprawny cewnik, sonda.\u2063<br \/>\u274c Zniszczenie pakietu.\u2063<br \/>\u274c Uci\u0105\u017cliwy dost\u0119p do miejsc przechowywania pakiet\u00f3w.\u2063<br \/>\u274c Utrata sterylno\u015bci (dla wyrob\u00f3w sterylnych).\u2063<br \/>\u274c Uszkodzenie uniemo\u017cliwiaj\u0105ce zastosowanie. \u2063<br \/>\u2063<br \/>Przechowywanie mo\u017ce by\u0107 w poziomie w szufladach lub w pionie w szafach ze specjalnymi koszami i wieszakami. Szerokie szafki z szufladami s\u0105 k\u0142opotliwe w u\u017cyciu. Dlatego najlepiej problem rozwi\u0105\u017ce przechowywanie  w specjalnych szafach medycznych. Tutaj jest kilka rozwi\u0105za\u0144. Natomiast najwa\u017cniejsze korzy\u015bci to:\u2063<br \/>\u2714\ufe0f Bezpieczne przechowywanie.\u2063<br \/>\u2714\ufe0f \u0141atwy dost\u0119p.\u2063<br \/>\u2714\ufe0f Sta\u0142a wizualna kontrola zapas\u00f3w.\u2063<br \/>\u2714\ufe0f Ka\u017cdy artyku\u0142 na swoim miejscu.\u2063<br \/>\u2714\ufe0f U\u0142atwienie pracy.\u2063<br \/>\u2063<\/p>\n\n\n\n<figure class=\"wp-block-image size-large\"><img loading=\"lazy\" decoding=\"async\" width=\"960\" height=\"768\" src=\"http:\/\/meblemedyczne.com.pl\/wp-content\/uploads\/2020\/08\/SZAfy-_1.png\" alt=\"\" class=\"wp-image-648\" srcset=\"https:\/\/meblemedyczne.com.pl\/wp-content\/uploads\/2020\/08\/SZAfy-_1.png 960w, https:\/\/meblemedyczne.com.pl\/wp-content\/uploads\/2020\/08\/SZAfy-_1-300x240.png 300w, https:\/\/meblemedyczne.com.pl\/wp-content\/uploads\/2020\/08\/SZAfy-_1-768x614.png 768w\" sizes=\"auto, (max-width: 960px) 100vw, 960px\" \/><\/figure>\n\n\n\n<p align=\"justify\">\u2063Je\u017celi masz pytania odno\u015bnie szafy medycznej do przechowywania sond i cewnik\u00f3w napisz biuro@carolco.pl lub na Messenger.\u2063<br \/>\u2063<br \/><\/p>\n ","protected":false},"excerpt":{"rendered":"<p>\u2714\ufe0f Bezpieczne przechowywanie.\u2063<br \/>\u2714\ufe0f \u0141atwy dost\u0119p.\u2063<br \/>\u2714\ufe0f Sta\u0142a wizualna kontrola zapas\u00f3w.\u2063<br \/>\u2714\ufe0f Ka\u017cdy artyku\u0142 na swoim miejscu.\u2063<br \/>\u2714\ufe0f U\u0142atwienie pracy.<\/p>\n","protected":false},"author":1,"featured_media":647,"comment_status":"open","ping_status":"open","sticky":false,"template":"","format":"standard","meta":{"_exactmetrics_skip_tracking":false,"_exactmetrics_sitenote_active":false,"_exactmetrics_sitenote_note":"","_exactmetrics_sitenote_category":0,"_monsterinsights_skip_tracking":false,"_monsterinsights_sitenote_active":false,"_monsterinsights_sitenote_note":"","_monsterinsights_sitenote_category":0,"footnotes":""},"categories":[3,26,24,4],"tags":[48,13,47,49,35],"class_list":["post-623","post","type-post","status-publish","format-standard","has-post-thumbnail","hentry","category-czystosc-mebli","category-innowacja-organizacyjna","category-leanhospitals","category-parametry-mebli","tag-cewniki","tag-logistykaszpitalna","tag-sondy","tag-stenty","tag-szpital"],"aioseo_notices":[],"_links":{"self":[{"href":"https:\/\/meblemedyczne.com.pl\/index.php?rest_route=\/wp\/v2\/posts\/623","targetHints":{"allow":["GET"]}}],"collection":[{"href":"https:\/\/meblemedyczne.com.pl\/index.php?rest_route=\/wp\/v2\/posts"}],"about":[{"href":"https:\/\/meblemedyczne.com.pl\/index.php?rest_route=\/wp\/v2\/types\/post"}],"author":[{"embeddable":true,"href":"https:\/\/meblemedyczne.com.pl\/index.php?rest_route=\/wp\/v2\/users\/1"}],"replies":[{"embeddable":true,"href":"https:\/\/meblemedyczne.com.pl\/index.php?rest_route=%2Fwp%2Fv2%2Fcomments&post=623"}],"version-history":[{"count":6,"href":"https:\/\/meblemedyczne.com.pl\/index.php?rest_route=\/wp\/v2\/posts\/623\/revisions"}],"predecessor-version":[{"id":650,"href":"https:\/\/meblemedyczne.com.pl\/index.php?rest_route=\/wp\/v2\/posts\/623\/revisions\/650"}],"wp:featuredmedia":[{"embeddable":true,"href":"https:\/\/meblemedyczne.com.pl\/index.php?rest_route=\/wp\/v2\/media\/647"}],"wp:attachment":[{"href":"https:\/\/meblemedyczne.com.pl\/index.php?rest_route=%2Fwp%2Fv2%2Fmedia&parent=623"}],"wp:term":[{"taxonomy":"category","embeddable":true,"href":"https:\/\/meblemedyczne.com.pl\/index.php?rest_route=%2Fwp%2Fv2%2Fcategories&post=623"},{"taxonomy":"post_tag","embeddable":true,"href":"https:\/\/meblemedyczne.com.pl\/index.php?rest_route=%2Fwp%2Fv2%2Ftags&post=623"}],"curies":[{"name":"wp","href":"https:\/\/api.w.org\/{rel}","templated":true}]}}