{"id":61,"date":"2017-06-17T16:10:26","date_gmt":"2017-06-17T16:10:26","guid":{"rendered":"http:\/\/meblemedyczne.com.pl\/?p=61"},"modified":"2018-04-13T13:16:46","modified_gmt":"2018-04-13T13:16:46","slug":"wymiary-medyczne","status":"publish","type":"post","link":"https:\/\/meblemedyczne.com.pl\/?p=61","title":{"rendered":"Wymiary mebli medycznych"},"content":{"rendered":"<h2 align=\"justify\"><strong>MEBLE MEDYCZNE &#8211; wymiary<\/strong><\/h2>\n<p align=\"justify\"><strong>Troch\u0119 o wymiarach mebli medycznych.<br \/>\nPodstawow\u0105 przes\u0142ank\u0105 jest pytanie: co si\u0119 znajduje w szufladach i na p\u00f3\u0142kach mebli medycznych?<br \/>\nPytanie jest istotne z punktu widzenia rozwi\u0105za\u0144 logistycznych mo\u017cliwych do zastosowania w szpitalu. Odpowied\u017a musi by\u0107 priorytetem z punktu widzenia rosn\u0105cej roli dystrybucji wewn\u0105trz szpitalnej i gospodarki lekowej. Zar\u00f3wno przechowywanie lek\u00f3w (tak\u017ce jednoraz\u00f3wki) w opakowaniach fabrycznych jak i w dawkach na pacjenta jest optymalizowane pod k\u0105tem standard\u00f3w wymiarowych ISO.<a href=\"http:\/\/carolco.pl\/wp-content\/uploads\/2017\/04\/wymiary-modu\u0142\u00f3w.jpg\" target=\"_blank\" rel=\"noopener noreferrer\"><img loading=\"lazy\" decoding=\"async\" class=\"aligncenter wp-image-3217 size-full\" src=\"http:\/\/carolco.pl\/wp-content\/uploads\/2017\/04\/wymiary-modu\u0142\u00f3w.jpg\" alt=\"\" width=\"427\" height=\"367\" \/><\/a>\u00a0<\/strong>Wymiary wewn\u0119trzne.<\/p>\n<p align=\"justify\"><strong>Oznacza to, \u017ce wymiary wewn\u0119trzne s\u0105 istotniejsze od wymiar\u00f3w zewn\u0119trznych mebli. Oczywi\u015bcie w ramach powierzchni, jaka jest do dyspozycji. Podej\u015bcie takie odbiega od dotychczasowego sposobu post\u0119powania. Dzisiaj dominuje w dalszym ci\u0105gu podej\u015bcie oparte na wymiarach zewn\u0119trznych mebli <\/strong><strong>medycznych. Jest to zasadniczo b\u0142\u0119dne rozumowanie. Wynikaj\u0105ce z zasad wizualnego komponowania przestrzeni. Nieuwzgl\u0119dniaj\u0105ce funkcji i roli ka\u017cdego elementu sk\u0142adowego (mebla, w\u00f3zka, szafy) wi\u0119kszej ca\u0142o\u015bci. <\/strong><strong>Czyli nie projektujemy przestrzeni tylko definiujemy <\/strong><strong>wszystkie dzia\u0142ania wyst\u0119puj\u0105ce na okre\u015blonym obszarze. Przy tym najwa\u017cniejsze s\u0105 zasoby niezb\u0119dne w realizacji tych zdefiniowanych dzia\u0142a\u0144. Najwa\u017cniejsze jest \u201esensownie\u201d zagospodarowywa\u0107 wn\u0119trze szafy. W rozwi\u0105zaniach System\u00f3w Logistyki Szpitalnej stosuje si\u0119 tak zwany wymiar \u201ekosza\u201d ISO \u2013 400 x 600 mm. Wtedy wn\u0119trze szafy (w\u00f3zka) ma odpowiednio wymiary powi\u0119kszone o niezb\u0119dne okucia. Potem dobiera si\u0119 standard wykonania mebli (materia\u0142y) umo\u017cliwiaj\u0105cy u\u017cywanie ich w odpowiedniej strefie czysto\u015bci (Plan Higieny). Jest to najog\u00f3lniej m\u00f3wi\u0105c niezb\u0119dne przy dekontaminacji. Je\u015bli klient (szpital lub inna jednostka) akceptuje ni\u017cszy standard przynale\u017cny do ni\u017cszej strefy czysto\u015bci, ni\u017c wynika to z przeprowadzonej analizy ryzyka, to stosujemy materia\u0142y spe\u0142niaj\u0105ce wymagania danej strefy. <\/strong><\/p>\n<h2 align=\"justify\">Co gdzie?<\/h2>\n<p align=\"justify\"><strong>Na przyk\u0142ad w pokojach biurowych szpitala p\u0142yt\u0119 wi\u00f3row\u0105 o grubo\u015bci 18 lub 19 mm (w zale\u017cno\u015bci od rynku). Je\u015bli natomiast mamy do czynienia z dezynfekcj\u0105 a nawet sterylizacj\u0105 to u\u017cyte materia\u0142y powinny to umo\u017cliwia\u0107. W wielu krajach stosuje si\u0119 w takim przypadku albo p\u0142yt\u0119 kompaktow\u0105 HPL albo wodoodporn\u0105 p\u0142yt\u0119 wi\u00f3row\u0105 (g\u0119st\u0105 lub MDF) lub inny nienasi\u0105kliwy i wodoodporny materia\u0142. Dopiero wtedy otrzymujemy wymiary zewn\u0119trzne mebla. Dlaczego w\u0142a\u015bnie tak? Odpowied\u017a jest prosta. Wszyscy producenci staraj\u0105 si\u0119 optymalizowa\u0107 opakowania do wymog\u00f3w logistycznych, wynikaj\u0105cych z normy ISO. Takie rozwi\u0105zanie pozwala na zmniejszenie zapas\u00f3w, uproszczenie zamawiania i transportu a co za tym idzie du\u017ce oszcz\u0119dno\u015bci. Wprowadza te\u017c \u201eporz\u0105dek\u201d w dost\u0119pnych zasobach. Wreszcie skraca czasy uzupe\u0142niania niezb\u0119dnych zapas\u00f3w. Dlatego warto my\u015ble\u0107 kategoriami najbli\u017cszej przysz\u0142o\u015bci, bo czy to si\u0119 komu\u015b podoba czy nie, nie ma odwrotu od podej\u015bcia procesowego i zarz\u0105dzania dost\u0119pnymi zasobami. O pu\u0142apkach w meblach medycznych nast\u0119pnym razem.<br \/>\n<\/strong><\/p>\n<p>&nbsp;<\/p>\n ","protected":false},"excerpt":{"rendered":"<p>MEBLE MEDYCZNE &#8211; wymiary Troch\u0119 o wymiarach mebli medycznych. Podstawow\u0105 przes\u0142ank\u0105 jest pytanie: co si\u0119 znajduje w szufladach i na p\u00f3\u0142kach mebli medycznych? Pytanie jest istotne z punktu widzenia rozwi\u0105za\u0144 logistycznych mo\u017cliwych do zastosowania w szpitalu. Odpowied\u017a musi by\u0107 priorytetem z punktu widzenia rosn\u0105cej roli dystrybucji wewn\u0105trz szpitalnej i gospodarki lekowej. Zar\u00f3wno przechowywanie lek\u00f3w (tak\u017ce [&hellip;]<\/p>\n","protected":false},"author":1,"featured_media":63,"comment_status":"open","ping_status":"open","sticky":false,"template":"","format":"standard","meta":{"_exactmetrics_skip_tracking":false,"_exactmetrics_sitenote_active":false,"_exactmetrics_sitenote_note":"","_exactmetrics_sitenote_category":0,"_monsterinsights_skip_tracking":false,"_monsterinsights_sitenote_active":false,"_monsterinsights_sitenote_note":"","_monsterinsights_sitenote_category":0,"footnotes":""},"categories":[3,4,5],"tags":[16,17,13,18,20,22,6],"class_list":["post-61","post","type-post","status-publish","format-standard","has-post-thumbnail","hentry","category-czystosc-mebli","category-parametry-mebli","category-wymagania-prawne","tag-bezpieczenstwo","tag-dobreleczenie","tag-logistykaszpitalna","tag-marnotrawstwo","tag-oszczedzanie","tag-zarzadzanielekiem","tag-meble-medyczne"],"aioseo_notices":[],"_links":{"self":[{"href":"https:\/\/meblemedyczne.com.pl\/index.php?rest_route=\/wp\/v2\/posts\/61","targetHints":{"allow":["GET"]}}],"collection":[{"href":"https:\/\/meblemedyczne.com.pl\/index.php?rest_route=\/wp\/v2\/posts"}],"about":[{"href":"https:\/\/meblemedyczne.com.pl\/index.php?rest_route=\/wp\/v2\/types\/post"}],"author":[{"embeddable":true,"href":"https:\/\/meblemedyczne.com.pl\/index.php?rest_route=\/wp\/v2\/users\/1"}],"replies":[{"embeddable":true,"href":"https:\/\/meblemedyczne.com.pl\/index.php?rest_route=%2Fwp%2Fv2%2Fcomments&post=61"}],"version-history":[{"count":3,"href":"https:\/\/meblemedyczne.com.pl\/index.php?rest_route=\/wp\/v2\/posts\/61\/revisions"}],"predecessor-version":[{"id":703,"href":"https:\/\/meblemedyczne.com.pl\/index.php?rest_route=\/wp\/v2\/posts\/61\/revisions\/703"}],"wp:featuredmedia":[{"embeddable":true,"href":"https:\/\/meblemedyczne.com.pl\/index.php?rest_route=\/wp\/v2\/media\/63"}],"wp:attachment":[{"href":"https:\/\/meblemedyczne.com.pl\/index.php?rest_route=%2Fwp%2Fv2%2Fmedia&parent=61"}],"wp:term":[{"taxonomy":"category","embeddable":true,"href":"https:\/\/meblemedyczne.com.pl\/index.php?rest_route=%2Fwp%2Fv2%2Fcategories&post=61"},{"taxonomy":"post_tag","embeddable":true,"href":"https:\/\/meblemedyczne.com.pl\/index.php?rest_route=%2Fwp%2Fv2%2Ftags&post=61"}],"curies":[{"name":"wp","href":"https:\/\/api.w.org\/{rel}","templated":true}]}}